{"id":4264,"date":"2017-06-05T09:00:21","date_gmt":"2017-06-05T07:00:21","guid":{"rendered":"http:\/\/www.teleadhesivo.com\/blog?p=4264"},"modified":"2024-02-16T09:37:00","modified_gmt":"2024-02-16T08:37:00","slug":"dia-del-medio-ambiente-los-vinilos-mas-verdes","status":"publish","type":"post","link":"https:\/\/www.teleadhesivo.com\/blog\/dia-del-medio-ambiente-los-vinilos-mas-verdes\/","title":{"rendered":"Decoraci\u00f3n para concienciar sobre el cuidado del planeta"},"content":{"rendered":"<p style=\"text-align: justify;\">Los d\u00edas 5 de junio de cada a\u00f1o se celebra a nivel internacional el <a href=\"https:\/\/es.wikipedia.org\/wiki\/D%C3%ADa_Mundial_del_Medio_Ambiente\" target=\"_blank\"><strong>D\u00eda Mundial del Medio Ambiente<\/strong><\/a>. Desde 1972, a\u00f1o en el que fue instaurado por la Asamblea General de Naciones Unidas, esta jornada representa una oportunidad \u00fanica para concienciar a lo largo y ancho del planeta de que tenemos una \u00fanica tierra que tenemos que cuidar.<\/p>\n<p style=\"text-align: justify;\"><a href=\"https:\/\/www.teleadhesivo.com\/es\/fotomurales\/producto\/animales-292\/oso-polar-9453\"><img loading=\"lazy\" decoding=\"async\" width=\"600\" height=\"600\" class=\"aligncenter size-full wp-image-4267\" src=\"https:\/\/www.teleadhesivo.com\/blog\/wp-content\/uploads\/2017\/06\/fotomural-oso-polar.jpg\" alt=\"Fotomural oso polar\" srcset=\"https:\/\/www.teleadhesivo.com\/blog\/wp-content\/uploads\/2017\/06\/fotomural-oso-polar.jpg 600w, https:\/\/www.teleadhesivo.com\/blog\/wp-content\/uploads\/2017\/06\/fotomural-oso-polar-150x150.jpg 150w, https:\/\/www.teleadhesivo.com\/blog\/wp-content\/uploads\/2017\/06\/fotomural-oso-polar-300x300.jpg 300w, https:\/\/www.teleadhesivo.com\/blog\/wp-content\/uploads\/2017\/06\/fotomural-oso-polar-50x50.jpg 50w, https:\/\/www.teleadhesivo.com\/blog\/wp-content\/uploads\/2017\/06\/fotomural-oso-polar-186x186.jpg 186w, https:\/\/www.teleadhesivo.com\/blog\/wp-content\/uploads\/2017\/06\/fotomural-oso-polar-65x65.jpg 65w\" sizes=\"auto, (max-width: 600px) 100vw, 600px\" \/><\/a><\/p>\n<p style=\"text-align: justify;\">Los motivos para celebrar este d\u00eda son infinitos. De hecho, la <strong>conciencia medioambiental<\/strong> deber\u00eda viajar con nosotros cada minuto de nuestra vida, puesto que la acelerada evoluci\u00f3n del ser humano nos plantea d\u00eda a d\u00eda retos complicados que debemos superar. Las tecnolog\u00edas pueden ser una muy buena soluci\u00f3n pero evidentemente, sin el aporte individual de cada uno de nosotros, ser\u00e1 dif\u00edcil afrontar el desaf\u00edo.<\/p>\n<p style=\"text-align: justify;\">Para conmemorar este d\u00eda, queremos compartir con vosotros algunos de los <strong>vinilos y fotomurales<\/strong> m\u00e1s \u00abverdes\u00bb, <strong>relacionados con la naturaleza<\/strong> que tenemos en TeleAdhesivo. Ya sea por su car\u00e1cter abiertamente <strong>natural<\/strong> o por contener alg\u00fan mensaje positivo al respecto del <strong>cuidado del medio ambiente<\/strong>, ponemos a vuestra disposici\u00f3n material diverso decorativo con el que pod\u00e9is hacer un bonito gui\u00f1o al <strong>planeta<\/strong> y sus preciosos <strong>ecosistemas<\/strong>.<\/p>\n<p style=\"text-align: justify;\"><a href=\"https:\/\/www.teleadhesivo.com\/es\/vinilos-decorativos\/producto\/frases-celebres-333\/algunos-buscan-un-mundo-mas-bonito-18509\"><img loading=\"lazy\" decoding=\"async\" width=\"600\" height=\"600\" class=\"aligncenter size-full wp-image-4265\" src=\"https:\/\/www.teleadhesivo.com\/blog\/wp-content\/uploads\/2017\/06\/algunos-buscan-un-mundo-mas-bonito-otros-lo-crean.jpg\" alt=\"Vinilo: algunos buscan un mundo m\u00e1s bonito. Otros lo crean\" srcset=\"https:\/\/www.teleadhesivo.com\/blog\/wp-content\/uploads\/2017\/06\/algunos-buscan-un-mundo-mas-bonito-otros-lo-crean.jpg 600w, https:\/\/www.teleadhesivo.com\/blog\/wp-content\/uploads\/2017\/06\/algunos-buscan-un-mundo-mas-bonito-otros-lo-crean-150x150.jpg 150w, https:\/\/www.teleadhesivo.com\/blog\/wp-content\/uploads\/2017\/06\/algunos-buscan-un-mundo-mas-bonito-otros-lo-crean-300x300.jpg 300w, https:\/\/www.teleadhesivo.com\/blog\/wp-content\/uploads\/2017\/06\/algunos-buscan-un-mundo-mas-bonito-otros-lo-crean-50x50.jpg 50w, https:\/\/www.teleadhesivo.com\/blog\/wp-content\/uploads\/2017\/06\/algunos-buscan-un-mundo-mas-bonito-otros-lo-crean-186x186.jpg 186w, https:\/\/www.teleadhesivo.com\/blog\/wp-content\/uploads\/2017\/06\/algunos-buscan-un-mundo-mas-bonito-otros-lo-crean-65x65.jpg 65w\" sizes=\"auto, (max-width: 600px) 100vw, 600px\" \/><\/a><\/p>\n<p style=\"text-align: justify;\">En el caso de los negocios, no son pocos los que optan por fotograf\u00edas de paisajes reales de nuestro planeta para decorar sus espacios tanto p\u00fablicos como privados. Cafeter\u00edas, bares y restaurantes usan los fotomurales de <strong>paisajes naturales<\/strong> para conseguir una atm\u00f3sfera relajada y agradable en sus negocios. Y en el caso de despachos profesionales, consultas etc. la intenci\u00f3n es la misma. Y es que est\u00e1 sobradamente demostrado\u00a0que la naturaleza aporta una dosis de tranquilidad a las personas y que las escapadas a espacios naturales ayudan a rebajar los niveles de estr\u00e9s de la mayor\u00eda de personas.<\/p>\n<p style=\"text-align: justify;\">As\u00ed pues, disfrutad de este d\u00eda tan especial y hacedlo extensible al resto de vuestros d\u00edas. \u00a1La Tierra espera lo mejor de nosotros! \ud83d\ude09<\/p>\n<p style=\"text-align: justify;\"><a href=\"https:\/\/www.teleadhesivo.com\/es\/vinilos-decorativos\/producto\/frases-celebres-333\/hoy-todavia-plantaria-un-arbol-18521\"><img loading=\"lazy\" decoding=\"async\" width=\"600\" height=\"600\" class=\"aligncenter size-full wp-image-4266\" src=\"https:\/\/www.teleadhesivo.com\/blog\/wp-content\/uploads\/2017\/06\/si-supiera-que-el-mundo-se-acaba-manana-hoy-todavia-plantaria-un-arbol-martin-luther-king.jpg\" alt=\"Si supiera que el mundo se acaba ma\u00f1ana, hoy todav\u00eda plantar\u00eda un \u00e1rbol. Martin Luther King\" srcset=\"https:\/\/www.teleadhesivo.com\/blog\/wp-content\/uploads\/2017\/06\/si-supiera-que-el-mundo-se-acaba-manana-hoy-todavia-plantaria-un-arbol-martin-luther-king.jpg 600w, https:\/\/www.teleadhesivo.com\/blog\/wp-content\/uploads\/2017\/06\/si-supiera-que-el-mundo-se-acaba-manana-hoy-todavia-plantaria-un-arbol-martin-luther-king-150x150.jpg 150w, https:\/\/www.teleadhesivo.com\/blog\/wp-content\/uploads\/2017\/06\/si-supiera-que-el-mundo-se-acaba-manana-hoy-todavia-plantaria-un-arbol-martin-luther-king-300x300.jpg 300w, https:\/\/www.teleadhesivo.com\/blog\/wp-content\/uploads\/2017\/06\/si-supiera-que-el-mundo-se-acaba-manana-hoy-todavia-plantaria-un-arbol-martin-luther-king-50x50.jpg 50w, https:\/\/www.teleadhesivo.com\/blog\/wp-content\/uploads\/2017\/06\/si-supiera-que-el-mundo-se-acaba-manana-hoy-todavia-plantaria-un-arbol-martin-luther-king-186x186.jpg 186w, https:\/\/www.teleadhesivo.com\/blog\/wp-content\/uploads\/2017\/06\/si-supiera-que-el-mundo-se-acaba-manana-hoy-todavia-plantaria-un-arbol-martin-luther-king-65x65.jpg 65w\" sizes=\"auto, (max-width: 600px) 100vw, 600px\" \/><\/a><\/p>\n<p style=\"text-align: justify;\">\n<h2 style=\"text-align: justify;\">Vinilos y fotomurales sobre el medio ambiente<\/h2>\n<p style=\"text-align: justify;\">Puedes pinchar en las im\u00e1genes para ver la ficha de producto de estos <strong>vinilos y fotomurales relacionados con el medio ambiente<\/strong>.<\/p>\n<p><a href=\"https:\/\/www.teleadhesivo.com\/es\/fotomurales\/producto\/murales-infantiles-307\/tigres-albinos-16843\"><img loading=\"lazy\" decoding=\"async\" width=\"600\" height=\"399\" class=\"aligncenter size-full wp-image-4268\" src=\"https:\/\/www.teleadhesivo.com\/blog\/wp-content\/uploads\/2017\/06\/fotomural-tigres-albinos.jpg\" alt=\"Fotomural tigres albinos\" srcset=\"https:\/\/www.teleadhesivo.com\/blog\/wp-content\/uploads\/2017\/06\/fotomural-tigres-albinos.jpg 600w, https:\/\/www.teleadhesivo.com\/blog\/wp-content\/uploads\/2017\/06\/fotomural-tigres-albinos-300x200.jpg 300w\" sizes=\"auto, (max-width: 600px) 100vw, 600px\" \/><\/a><\/p>\n<p><a href=\"https:\/\/www.teleadhesivo.com\/es\/fotomurales\/producto\/naturaleza-291\/jardin-japones-11179\"><img loading=\"lazy\" decoding=\"async\" width=\"600\" height=\"600\" class=\"aligncenter size-full wp-image-4269\" src=\"https:\/\/www.teleadhesivo.com\/blog\/wp-content\/uploads\/2017\/06\/fotomural-jardin-japones.jpg\" alt=\"Fotomural jard\u00edn japon\u00e9s\" srcset=\"https:\/\/www.teleadhesivo.com\/blog\/wp-content\/uploads\/2017\/06\/fotomural-jardin-japones.jpg 600w, https:\/\/www.teleadhesivo.com\/blog\/wp-content\/uploads\/2017\/06\/fotomural-jardin-japones-150x150.jpg 150w, https:\/\/www.teleadhesivo.com\/blog\/wp-content\/uploads\/2017\/06\/fotomural-jardin-japones-300x300.jpg 300w, https:\/\/www.teleadhesivo.com\/blog\/wp-content\/uploads\/2017\/06\/fotomural-jardin-japones-50x50.jpg 50w, https:\/\/www.teleadhesivo.com\/blog\/wp-content\/uploads\/2017\/06\/fotomural-jardin-japones-186x186.jpg 186w, https:\/\/www.teleadhesivo.com\/blog\/wp-content\/uploads\/2017\/06\/fotomural-jardin-japones-65x65.jpg 65w\" sizes=\"auto, (max-width: 600px) 100vw, 600px\" \/><\/a><\/p>\n<p><a href=\"https:\/\/www.teleadhesivo.com\/es\/fotomurales\/producto\/paisajes-303\/paisaje-48-10221\"><img loading=\"lazy\" decoding=\"async\" width=\"600\" height=\"600\" class=\"aligncenter size-full wp-image-4270\" src=\"https:\/\/www.teleadhesivo.com\/blog\/wp-content\/uploads\/2017\/06\/fotomural-bosque.jpg\" alt=\"Fotomural bosque\" srcset=\"https:\/\/www.teleadhesivo.com\/blog\/wp-content\/uploads\/2017\/06\/fotomural-bosque.jpg 600w, https:\/\/www.teleadhesivo.com\/blog\/wp-content\/uploads\/2017\/06\/fotomural-bosque-150x150.jpg 150w, https:\/\/www.teleadhesivo.com\/blog\/wp-content\/uploads\/2017\/06\/fotomural-bosque-300x300.jpg 300w, https:\/\/www.teleadhesivo.com\/blog\/wp-content\/uploads\/2017\/06\/fotomural-bosque-50x50.jpg 50w, https:\/\/www.teleadhesivo.com\/blog\/wp-content\/uploads\/2017\/06\/fotomural-bosque-186x186.jpg 186w, https:\/\/www.teleadhesivo.com\/blog\/wp-content\/uploads\/2017\/06\/fotomural-bosque-65x65.jpg 65w\" sizes=\"auto, (max-width: 600px) 100vw, 600px\" \/><\/a><\/p>\n<p><a href=\"https:\/\/www.teleadhesivo.com\/es\/fotomurales\/producto\/paisajes-303\/paisaje-68-10242\"><img loading=\"lazy\" decoding=\"async\" width=\"600\" height=\"397\" class=\"aligncenter size-full wp-image-4271\" src=\"https:\/\/www.teleadhesivo.com\/blog\/wp-content\/uploads\/2017\/06\/fotomural-bosque-blanco-y-negro.jpg\" alt=\"Fotomural bosque blanco y negro\" srcset=\"https:\/\/www.teleadhesivo.com\/blog\/wp-content\/uploads\/2017\/06\/fotomural-bosque-blanco-y-negro.jpg 600w, https:\/\/www.teleadhesivo.com\/blog\/wp-content\/uploads\/2017\/06\/fotomural-bosque-blanco-y-negro-300x199.jpg 300w\" sizes=\"auto, (max-width: 600px) 100vw, 600px\" \/><\/a><\/p>\n<p><a href=\"https:\/\/www.teleadhesivo.com\/es\/fotomurales\/producto\/naturaleza-291\/hojas-12633\"><img loading=\"lazy\" decoding=\"async\" width=\"600\" height=\"394\" class=\"aligncenter size-full wp-image-4272\" src=\"https:\/\/www.teleadhesivo.com\/blog\/wp-content\/uploads\/2017\/06\/fotomural-hojas-verdes.jpg\" alt=\"Fotomural hojas verdes\" srcset=\"https:\/\/www.teleadhesivo.com\/blog\/wp-content\/uploads\/2017\/06\/fotomural-hojas-verdes.jpg 600w, https:\/\/www.teleadhesivo.com\/blog\/wp-content\/uploads\/2017\/06\/fotomural-hojas-verdes-300x197.jpg 300w\" sizes=\"auto, (max-width: 600px) 100vw, 600px\" \/><\/a><\/p>\n<p><a href=\"https:\/\/www.teleadhesivo.com\/es\/fotomurales\/producto\/paisajes-303\/jungfrau-15191\"><img loading=\"lazy\" decoding=\"async\" width=\"600\" height=\"394\" class=\"aligncenter size-full wp-image-4273\" src=\"https:\/\/www.teleadhesivo.com\/blog\/wp-content\/uploads\/2017\/06\/fotomural-invierno-montanas-nevadas.jpg\" alt=\"Fotomural monta\u00f1as nevadas\" srcset=\"https:\/\/www.teleadhesivo.com\/blog\/wp-content\/uploads\/2017\/06\/fotomural-invierno-montanas-nevadas.jpg 600w, https:\/\/www.teleadhesivo.com\/blog\/wp-content\/uploads\/2017\/06\/fotomural-invierno-montanas-nevadas-300x197.jpg 300w\" sizes=\"auto, (max-width: 600px) 100vw, 600px\" \/><\/a><\/p>\n<p><a href=\"https:\/\/www.teleadhesivo.com\/es\/vinilos-decorativos\/producto\/animales-246\/elefante-hindu-20228\"><img loading=\"lazy\" decoding=\"async\" width=\"600\" height=\"600\" class=\"aligncenter size-full wp-image-4274\" src=\"https:\/\/www.teleadhesivo.com\/blog\/wp-content\/uploads\/2017\/06\/fotomural-elefante-hindu.jpg\" alt=\"Fotomural elefante hind\u00fa\" srcset=\"https:\/\/www.teleadhesivo.com\/blog\/wp-content\/uploads\/2017\/06\/fotomural-elefante-hindu.jpg 600w, https:\/\/www.teleadhesivo.com\/blog\/wp-content\/uploads\/2017\/06\/fotomural-elefante-hindu-150x150.jpg 150w, https:\/\/www.teleadhesivo.com\/blog\/wp-content\/uploads\/2017\/06\/fotomural-elefante-hindu-300x300.jpg 300w, https:\/\/www.teleadhesivo.com\/blog\/wp-content\/uploads\/2017\/06\/fotomural-elefante-hindu-50x50.jpg 50w, https:\/\/www.teleadhesivo.com\/blog\/wp-content\/uploads\/2017\/06\/fotomural-elefante-hindu-186x186.jpg 186w, https:\/\/www.teleadhesivo.com\/blog\/wp-content\/uploads\/2017\/06\/fotomural-elefante-hindu-65x65.jpg 65w\" sizes=\"auto, (max-width: 600px) 100vw, 600px\" \/><\/a><\/p>\n","protected":false},"excerpt":{"rendered":"<p>El d\u00eda 5 de junio se celebra el D\u00eda Internacional del Medio Ambiente. Te presentamos algunas de las propuestas m\u00e1s \u00abverdes\u00bb de vinilos y fotomurales.<\/p>\n","protected":false},"author":4,"featured_media":4277,"comment_status":"closed","ping_status":"open","sticky":false,"template":"","format":"standard","meta":{"_monsterinsights_skip_tracking":false,"_monsterinsights_sitenote_active":false,"_monsterinsights_sitenote_note":"","_monsterinsights_sitenote_category":0,"_kadence_starter_templates_imported_post":false,"_kad_post_transparent":"","_kad_post_title":"","_kad_post_layout":"","_kad_post_sidebar_id":"","_kad_post_content_style":"","_kad_post_vertical_padding":"","_kad_post_feature":"","_kad_post_feature_position":"","_kad_post_header":false,"_kad_post_footer":false,"_kad_post_classname":"","footnotes":""},"categories":[243],"tags":[652,178,653],"class_list":["post-4264","post","type-post","status-publish","format-standard","has-post-thumbnail","hentry","category-decora-tu-negocio","tag-medio-ambiente","tag-naturaleza-2","tag-tierra"],"yoast_head":"<!-- This site is optimized with the Yoast SEO plugin v27.3 - https:\/\/yoast.com\/product\/yoast-seo-wordpress\/ -->\n<title>Decoraci\u00f3n para concienciar sobre el cuidado del planeta - Blog teleadhesivo<\/title>\n<meta name=\"description\" content=\"El d\u00eda 5 de junio se celebra el D\u00eda Internacional del Medio Ambiente. Te presentamos algunas de las propuestas m\u00e1s &quot;verdes&quot; de vinilos y fotomurales.\" \/>\n<meta name=\"robots\" content=\"index, follow, max-snippet:-1, max-image-preview:large, max-video-preview:-1\" \/>\n<link rel=\"canonical\" href=\"https:\/\/www.teleadhesivo.com\/blog\/dia-del-medio-ambiente-los-vinilos-mas-verdes\/\" \/>\n<meta property=\"og:locale\" content=\"es_ES\" \/>\n<meta property=\"og:type\" content=\"article\" \/>\n<meta property=\"og:title\" content=\"Decoraci\u00f3n para concienciar sobre el cuidado del planeta - Blog teleadhesivo\" \/>\n<meta property=\"og:description\" content=\"El d\u00eda 5 de junio se celebra el D\u00eda Internacional del Medio Ambiente. Te presentamos algunas de las propuestas m\u00e1s &quot;verdes&quot; de vinilos y fotomurales.\" \/>\n<meta property=\"og:url\" content=\"https:\/\/www.teleadhesivo.com\/blog\/dia-del-medio-ambiente-los-vinilos-mas-verdes\/\" \/>\n<meta property=\"og:site_name\" content=\"Blog teleadhesivo\" \/>\n<meta property=\"article:published_time\" content=\"2017-06-05T07:00:21+00:00\" \/>\n<meta property=\"article:modified_time\" content=\"2024-02-16T08:37:00+00:00\" \/>\n<meta property=\"og:image\" content=\"https:\/\/www.teleadhesivo.com\/blog\/wp-content\/uploads\/2017\/06\/medio-ambiente-vinilo.jpg\" \/>\n\t<meta property=\"og:image:width\" content=\"574\" \/>\n\t<meta property=\"og:image:height\" content=\"328\" \/>\n\t<meta property=\"og:image:type\" content=\"image\/jpeg\" \/>\n<meta name=\"author\" content=\"Teleadhesivo\" \/>\n<meta name=\"twitter:label1\" content=\"Escrito por\" \/>\n\t<meta name=\"twitter:data1\" content=\"Teleadhesivo\" \/>\n\t<meta name=\"twitter:label2\" content=\"Tiempo de lectura\" \/>\n\t<meta name=\"twitter:data2\" content=\"2 minutos\" \/>\n<script type=\"application\/ld+json\" class=\"yoast-schema-graph\">{\"@context\":\"https:\\\/\\\/schema.org\",\"@graph\":[{\"@type\":\"Article\",\"@id\":\"https:\\\/\\\/www.teleadhesivo.com\\\/blog\\\/dia-del-medio-ambiente-los-vinilos-mas-verdes\\\/#article\",\"isPartOf\":{\"@id\":\"https:\\\/\\\/www.teleadhesivo.com\\\/blog\\\/dia-del-medio-ambiente-los-vinilos-mas-verdes\\\/\"},\"author\":{\"name\":\"Teleadhesivo\",\"@id\":\"https:\\\/\\\/www.teleadhesivo.com\\\/blog\\\/#\\\/schema\\\/person\\\/4b2889eff672b8c30eb61795410791ca\"},\"headline\":\"Decoraci\u00f3n para concienciar sobre el cuidado del planeta\",\"datePublished\":\"2017-06-05T07:00:21+00:00\",\"dateModified\":\"2024-02-16T08:37:00+00:00\",\"mainEntityOfPage\":{\"@id\":\"https:\\\/\\\/www.teleadhesivo.com\\\/blog\\\/dia-del-medio-ambiente-los-vinilos-mas-verdes\\\/\"},\"wordCount\":374,\"publisher\":{\"@id\":\"https:\\\/\\\/www.teleadhesivo.com\\\/blog\\\/#organization\"},\"image\":{\"@id\":\"https:\\\/\\\/www.teleadhesivo.com\\\/blog\\\/dia-del-medio-ambiente-los-vinilos-mas-verdes\\\/#primaryimage\"},\"thumbnailUrl\":\"https:\\\/\\\/www.teleadhesivo.com\\\/blog\\\/wp-content\\\/uploads\\\/2017\\\/06\\\/medio-ambiente-vinilo.jpg\",\"keywords\":[\"medio ambiente\",\"naturaleza\",\"tierra\"],\"articleSection\":[\"Decora tu negocio\"],\"inLanguage\":\"es\"},{\"@type\":\"WebPage\",\"@id\":\"https:\\\/\\\/www.teleadhesivo.com\\\/blog\\\/dia-del-medio-ambiente-los-vinilos-mas-verdes\\\/\",\"url\":\"https:\\\/\\\/www.teleadhesivo.com\\\/blog\\\/dia-del-medio-ambiente-los-vinilos-mas-verdes\\\/\",\"name\":\"Decoraci\u00f3n para concienciar sobre el cuidado del planeta - Blog teleadhesivo\",\"isPartOf\":{\"@id\":\"https:\\\/\\\/www.teleadhesivo.com\\\/blog\\\/#website\"},\"primaryImageOfPage\":{\"@id\":\"https:\\\/\\\/www.teleadhesivo.com\\\/blog\\\/dia-del-medio-ambiente-los-vinilos-mas-verdes\\\/#primaryimage\"},\"image\":{\"@id\":\"https:\\\/\\\/www.teleadhesivo.com\\\/blog\\\/dia-del-medio-ambiente-los-vinilos-mas-verdes\\\/#primaryimage\"},\"thumbnailUrl\":\"https:\\\/\\\/www.teleadhesivo.com\\\/blog\\\/wp-content\\\/uploads\\\/2017\\\/06\\\/medio-ambiente-vinilo.jpg\",\"datePublished\":\"2017-06-05T07:00:21+00:00\",\"dateModified\":\"2024-02-16T08:37:00+00:00\",\"description\":\"El d\u00eda 5 de junio se celebra el D\u00eda Internacional del Medio Ambiente. Te presentamos algunas de las propuestas m\u00e1s \\\"verdes\\\" de vinilos y fotomurales.\",\"breadcrumb\":{\"@id\":\"https:\\\/\\\/www.teleadhesivo.com\\\/blog\\\/dia-del-medio-ambiente-los-vinilos-mas-verdes\\\/#breadcrumb\"},\"inLanguage\":\"es\",\"potentialAction\":[{\"@type\":\"ReadAction\",\"target\":[\"https:\\\/\\\/www.teleadhesivo.com\\\/blog\\\/dia-del-medio-ambiente-los-vinilos-mas-verdes\\\/\"]}]},{\"@type\":\"ImageObject\",\"inLanguage\":\"es\",\"@id\":\"https:\\\/\\\/www.teleadhesivo.com\\\/blog\\\/dia-del-medio-ambiente-los-vinilos-mas-verdes\\\/#primaryimage\",\"url\":\"https:\\\/\\\/www.teleadhesivo.com\\\/blog\\\/wp-content\\\/uploads\\\/2017\\\/06\\\/medio-ambiente-vinilo.jpg\",\"contentUrl\":\"https:\\\/\\\/www.teleadhesivo.com\\\/blog\\\/wp-content\\\/uploads\\\/2017\\\/06\\\/medio-ambiente-vinilo.jpg\",\"width\":574,\"height\":328,\"caption\":\"Medio ambiente vinilo\"},{\"@type\":\"BreadcrumbList\",\"@id\":\"https:\\\/\\\/www.teleadhesivo.com\\\/blog\\\/dia-del-medio-ambiente-los-vinilos-mas-verdes\\\/#breadcrumb\",\"itemListElement\":[{\"@type\":\"ListItem\",\"position\":1,\"name\":\"Home\",\"item\":\"https:\\\/\\\/www.teleadhesivo.com\\\/blog\\\/\"},{\"@type\":\"ListItem\",\"position\":2,\"name\":\"Decoraci\u00f3n para concienciar sobre el cuidado del planeta\"}]},{\"@type\":\"WebSite\",\"@id\":\"https:\\\/\\\/www.teleadhesivo.com\\\/blog\\\/#website\",\"url\":\"https:\\\/\\\/www.teleadhesivo.com\\\/blog\\\/\",\"name\":\"Blog teleadhesivo\",\"description\":\"Blog de decoraci\u00f3n e ideas DIY con vinilos adhesivos. En Teleadhesivo te contamos las \u00faltimas tendencias de dise\u00f1o de interiores y c\u00f3mo conseguirlas.\",\"publisher\":{\"@id\":\"https:\\\/\\\/www.teleadhesivo.com\\\/blog\\\/#organization\"},\"potentialAction\":[{\"@type\":\"SearchAction\",\"target\":{\"@type\":\"EntryPoint\",\"urlTemplate\":\"https:\\\/\\\/www.teleadhesivo.com\\\/blog\\\/?s={search_term_string}\"},\"query-input\":{\"@type\":\"PropertyValueSpecification\",\"valueRequired\":true,\"valueName\":\"search_term_string\"}}],\"inLanguage\":\"es\"},{\"@type\":\"Organization\",\"@id\":\"https:\\\/\\\/www.teleadhesivo.com\\\/blog\\\/#organization\",\"name\":\"Blog teleadhesivo\",\"url\":\"https:\\\/\\\/www.teleadhesivo.com\\\/blog\\\/\",\"logo\":{\"@type\":\"ImageObject\",\"inLanguage\":\"es\",\"@id\":\"https:\\\/\\\/www.teleadhesivo.com\\\/blog\\\/#\\\/schema\\\/logo\\\/image\\\/\",\"url\":\"https:\\\/\\\/www.teleadhesivo.com\\\/blog\\\/wp-content\\\/uploads\\\/2026\\\/04\\\/logo-teleadhesivo.png\",\"contentUrl\":\"https:\\\/\\\/www.teleadhesivo.com\\\/blog\\\/wp-content\\\/uploads\\\/2026\\\/04\\\/logo-teleadhesivo.png\",\"width\":300,\"height\":115,\"caption\":\"Blog teleadhesivo\"},\"image\":{\"@id\":\"https:\\\/\\\/www.teleadhesivo.com\\\/blog\\\/#\\\/schema\\\/logo\\\/image\\\/\"}},{\"@type\":\"Person\",\"@id\":\"https:\\\/\\\/www.teleadhesivo.com\\\/blog\\\/#\\\/schema\\\/person\\\/4b2889eff672b8c30eb61795410791ca\",\"name\":\"Teleadhesivo\",\"image\":{\"@type\":\"ImageObject\",\"inLanguage\":\"es\",\"@id\":\"https:\\\/\\\/secure.gravatar.com\\\/avatar\\\/5df765f3602b0fd866c03a3452e36daa7000bfac963930f9a6843226a9b0ba06?s=96&r=g\",\"url\":\"https:\\\/\\\/secure.gravatar.com\\\/avatar\\\/5df765f3602b0fd866c03a3452e36daa7000bfac963930f9a6843226a9b0ba06?s=96&r=g\",\"contentUrl\":\"https:\\\/\\\/secure.gravatar.com\\\/avatar\\\/5df765f3602b0fd866c03a3452e36daa7000bfac963930f9a6843226a9b0ba06?s=96&r=g\",\"caption\":\"Teleadhesivo\"},\"url\":\"https:\\\/\\\/www.teleadhesivo.com\\\/blog\\\/author\\\/teleadhesivo\\\/\"}]}<\/script>\n<!-- \/ Yoast SEO plugin. -->","yoast_head_json":{"title":"Decoraci\u00f3n para concienciar sobre el cuidado del planeta - Blog teleadhesivo","description":"El d\u00eda 5 de junio se celebra el D\u00eda Internacional del Medio Ambiente. Te presentamos algunas de las propuestas m\u00e1s \"verdes\" de vinilos y fotomurales.","robots":{"index":"index","follow":"follow","max-snippet":"max-snippet:-1","max-image-preview":"max-image-preview:large","max-video-preview":"max-video-preview:-1"},"canonical":"https:\/\/www.teleadhesivo.com\/blog\/dia-del-medio-ambiente-los-vinilos-mas-verdes\/","og_locale":"es_ES","og_type":"article","og_title":"Decoraci\u00f3n para concienciar sobre el cuidado del planeta - Blog teleadhesivo","og_description":"El d\u00eda 5 de junio se celebra el D\u00eda Internacional del Medio Ambiente. Te presentamos algunas de las propuestas m\u00e1s \"verdes\" de vinilos y fotomurales.","og_url":"https:\/\/www.teleadhesivo.com\/blog\/dia-del-medio-ambiente-los-vinilos-mas-verdes\/","og_site_name":"Blog teleadhesivo","article_published_time":"2017-06-05T07:00:21+00:00","article_modified_time":"2024-02-16T08:37:00+00:00","og_image":[{"width":574,"height":328,"url":"https:\/\/www.teleadhesivo.com\/blog\/wp-content\/uploads\/2017\/06\/medio-ambiente-vinilo.jpg","type":"image\/jpeg"}],"author":"Teleadhesivo","twitter_misc":{"Escrito por":"Teleadhesivo","Tiempo de lectura":"2 minutos"},"schema":{"@context":"https:\/\/schema.org","@graph":[{"@type":"Article","@id":"https:\/\/www.teleadhesivo.com\/blog\/dia-del-medio-ambiente-los-vinilos-mas-verdes\/#article","isPartOf":{"@id":"https:\/\/www.teleadhesivo.com\/blog\/dia-del-medio-ambiente-los-vinilos-mas-verdes\/"},"author":{"name":"Teleadhesivo","@id":"https:\/\/www.teleadhesivo.com\/blog\/#\/schema\/person\/4b2889eff672b8c30eb61795410791ca"},"headline":"Decoraci\u00f3n para concienciar sobre el cuidado del planeta","datePublished":"2017-06-05T07:00:21+00:00","dateModified":"2024-02-16T08:37:00+00:00","mainEntityOfPage":{"@id":"https:\/\/www.teleadhesivo.com\/blog\/dia-del-medio-ambiente-los-vinilos-mas-verdes\/"},"wordCount":374,"publisher":{"@id":"https:\/\/www.teleadhesivo.com\/blog\/#organization"},"image":{"@id":"https:\/\/www.teleadhesivo.com\/blog\/dia-del-medio-ambiente-los-vinilos-mas-verdes\/#primaryimage"},"thumbnailUrl":"https:\/\/www.teleadhesivo.com\/blog\/wp-content\/uploads\/2017\/06\/medio-ambiente-vinilo.jpg","keywords":["medio ambiente","naturaleza","tierra"],"articleSection":["Decora tu negocio"],"inLanguage":"es"},{"@type":"WebPage","@id":"https:\/\/www.teleadhesivo.com\/blog\/dia-del-medio-ambiente-los-vinilos-mas-verdes\/","url":"https:\/\/www.teleadhesivo.com\/blog\/dia-del-medio-ambiente-los-vinilos-mas-verdes\/","name":"Decoraci\u00f3n para concienciar sobre el cuidado del planeta - Blog teleadhesivo","isPartOf":{"@id":"https:\/\/www.teleadhesivo.com\/blog\/#website"},"primaryImageOfPage":{"@id":"https:\/\/www.teleadhesivo.com\/blog\/dia-del-medio-ambiente-los-vinilos-mas-verdes\/#primaryimage"},"image":{"@id":"https:\/\/www.teleadhesivo.com\/blog\/dia-del-medio-ambiente-los-vinilos-mas-verdes\/#primaryimage"},"thumbnailUrl":"https:\/\/www.teleadhesivo.com\/blog\/wp-content\/uploads\/2017\/06\/medio-ambiente-vinilo.jpg","datePublished":"2017-06-05T07:00:21+00:00","dateModified":"2024-02-16T08:37:00+00:00","description":"El d\u00eda 5 de junio se celebra el D\u00eda Internacional del Medio Ambiente. Te presentamos algunas de las propuestas m\u00e1s \"verdes\" de vinilos y fotomurales.","breadcrumb":{"@id":"https:\/\/www.teleadhesivo.com\/blog\/dia-del-medio-ambiente-los-vinilos-mas-verdes\/#breadcrumb"},"inLanguage":"es","potentialAction":[{"@type":"ReadAction","target":["https:\/\/www.teleadhesivo.com\/blog\/dia-del-medio-ambiente-los-vinilos-mas-verdes\/"]}]},{"@type":"ImageObject","inLanguage":"es","@id":"https:\/\/www.teleadhesivo.com\/blog\/dia-del-medio-ambiente-los-vinilos-mas-verdes\/#primaryimage","url":"https:\/\/www.teleadhesivo.com\/blog\/wp-content\/uploads\/2017\/06\/medio-ambiente-vinilo.jpg","contentUrl":"https:\/\/www.teleadhesivo.com\/blog\/wp-content\/uploads\/2017\/06\/medio-ambiente-vinilo.jpg","width":574,"height":328,"caption":"Medio ambiente vinilo"},{"@type":"BreadcrumbList","@id":"https:\/\/www.teleadhesivo.com\/blog\/dia-del-medio-ambiente-los-vinilos-mas-verdes\/#breadcrumb","itemListElement":[{"@type":"ListItem","position":1,"name":"Home","item":"https:\/\/www.teleadhesivo.com\/blog\/"},{"@type":"ListItem","position":2,"name":"Decoraci\u00f3n para concienciar sobre el cuidado del planeta"}]},{"@type":"WebSite","@id":"https:\/\/www.teleadhesivo.com\/blog\/#website","url":"https:\/\/www.teleadhesivo.com\/blog\/","name":"Blog teleadhesivo","description":"Blog de decoraci\u00f3n e ideas DIY con vinilos adhesivos. En Teleadhesivo te contamos las \u00faltimas tendencias de dise\u00f1o de interiores y c\u00f3mo conseguirlas.","publisher":{"@id":"https:\/\/www.teleadhesivo.com\/blog\/#organization"},"potentialAction":[{"@type":"SearchAction","target":{"@type":"EntryPoint","urlTemplate":"https:\/\/www.teleadhesivo.com\/blog\/?s={search_term_string}"},"query-input":{"@type":"PropertyValueSpecification","valueRequired":true,"valueName":"search_term_string"}}],"inLanguage":"es"},{"@type":"Organization","@id":"https:\/\/www.teleadhesivo.com\/blog\/#organization","name":"Blog teleadhesivo","url":"https:\/\/www.teleadhesivo.com\/blog\/","logo":{"@type":"ImageObject","inLanguage":"es","@id":"https:\/\/www.teleadhesivo.com\/blog\/#\/schema\/logo\/image\/","url":"https:\/\/www.teleadhesivo.com\/blog\/wp-content\/uploads\/2026\/04\/logo-teleadhesivo.png","contentUrl":"https:\/\/www.teleadhesivo.com\/blog\/wp-content\/uploads\/2026\/04\/logo-teleadhesivo.png","width":300,"height":115,"caption":"Blog teleadhesivo"},"image":{"@id":"https:\/\/www.teleadhesivo.com\/blog\/#\/schema\/logo\/image\/"}},{"@type":"Person","@id":"https:\/\/www.teleadhesivo.com\/blog\/#\/schema\/person\/4b2889eff672b8c30eb61795410791ca","name":"Teleadhesivo","image":{"@type":"ImageObject","inLanguage":"es","@id":"https:\/\/secure.gravatar.com\/avatar\/5df765f3602b0fd866c03a3452e36daa7000bfac963930f9a6843226a9b0ba06?s=96&r=g","url":"https:\/\/secure.gravatar.com\/avatar\/5df765f3602b0fd866c03a3452e36daa7000bfac963930f9a6843226a9b0ba06?s=96&r=g","contentUrl":"https:\/\/secure.gravatar.com\/avatar\/5df765f3602b0fd866c03a3452e36daa7000bfac963930f9a6843226a9b0ba06?s=96&r=g","caption":"Teleadhesivo"},"url":"https:\/\/www.teleadhesivo.com\/blog\/author\/teleadhesivo\/"}]}},"_links":{"self":[{"href":"https:\/\/www.teleadhesivo.com\/blog\/wp-json\/wp\/v2\/posts\/4264","targetHints":{"allow":["GET"]}}],"collection":[{"href":"https:\/\/www.teleadhesivo.com\/blog\/wp-json\/wp\/v2\/posts"}],"about":[{"href":"https:\/\/www.teleadhesivo.com\/blog\/wp-json\/wp\/v2\/types\/post"}],"author":[{"embeddable":true,"href":"https:\/\/www.teleadhesivo.com\/blog\/wp-json\/wp\/v2\/users\/4"}],"replies":[{"embeddable":true,"href":"https:\/\/www.teleadhesivo.com\/blog\/wp-json\/wp\/v2\/comments?post=4264"}],"version-history":[{"count":3,"href":"https:\/\/www.teleadhesivo.com\/blog\/wp-json\/wp\/v2\/posts\/4264\/revisions"}],"predecessor-version":[{"id":4278,"href":"https:\/\/www.teleadhesivo.com\/blog\/wp-json\/wp\/v2\/posts\/4264\/revisions\/4278"}],"wp:featuredmedia":[{"embeddable":true,"href":"https:\/\/www.teleadhesivo.com\/blog\/wp-json\/wp\/v2\/media\/4277"}],"wp:attachment":[{"href":"https:\/\/www.teleadhesivo.com\/blog\/wp-json\/wp\/v2\/media?parent=4264"}],"wp:term":[{"taxonomy":"category","embeddable":true,"href":"https:\/\/www.teleadhesivo.com\/blog\/wp-json\/wp\/v2\/categories?post=4264"},{"taxonomy":"post_tag","embeddable":true,"href":"https:\/\/www.teleadhesivo.com\/blog\/wp-json\/wp\/v2\/tags?post=4264"}],"curies":[{"name":"wp","href":"https:\/\/api.w.org\/{rel}","templated":true}]}}