{"id":4507,"date":"2017-12-15T13:45:38","date_gmt":"2017-12-15T12:45:38","guid":{"rendered":"http:\/\/www.teleadhesivo.com\/blog?p=4507"},"modified":"2024-02-16T09:36:35","modified_gmt":"2024-02-16T08:36:35","slug":"colores-decorar-invierno-2017","status":"publish","type":"post","link":"https:\/\/www.teleadhesivo.com\/blog\/colores-decorar-invierno-2017\/","title":{"rendered":"Los 4 mejores colores para decorar en invierno 2017"},"content":{"rendered":"<p>El invierno, con sus fr\u00edas temperaturas y la llegada de la Navidad, nos da una excusa perfecta para quedarnos en casa y aprovechar para hacer algunos cambios en la decoraci\u00f3n de nuestros hogares, acordes, como no, a las \u00faltimas tendencias. <strong>Por eso os traemos los colores para decorar en invierno que har\u00e1n de cualquier estancia un lugar especial.<\/strong><\/p>\n<h2>Dorado<\/h2>\n<p>Este color no puede faltar en tu decoraci\u00f3n navide\u00f1a. Bien combinado, el dorado aporta elegancia y luminosidad a cualquier entorno. Hay que tener cuidado, no obstante, de no emplearlo en exceso, o correremos el riesgo de crear un ambiente demasiado recargado. No es el \u00fanico color, hay muchos m\u00e1s, como puedes seguir viendo m\u00e1s abajo en este post.<\/p>\n<figure id=\"attachment_4519\" aria-describedby=\"caption-attachment-4519\" style=\"width: 600px\" class=\"wp-caption aligncenter\"><img loading=\"lazy\" decoding=\"async\" class=\"wp-image-4519 size-full\" src=\"https:\/\/www.teleadhesivo.com\/blog\/wp-content\/uploads\/2018\/01\/gold.jpg\" alt=\"Colores para decorar en invierno dorado\" width=\"600\" height=\"600\" srcset=\"https:\/\/www.teleadhesivo.com\/blog\/wp-content\/uploads\/2018\/01\/gold.jpg 600w, https:\/\/www.teleadhesivo.com\/blog\/wp-content\/uploads\/2018\/01\/gold-150x150.jpg 150w, https:\/\/www.teleadhesivo.com\/blog\/wp-content\/uploads\/2018\/01\/gold-300x300.jpg 300w, https:\/\/www.teleadhesivo.com\/blog\/wp-content\/uploads\/2018\/01\/gold-50x50.jpg 50w, https:\/\/www.teleadhesivo.com\/blog\/wp-content\/uploads\/2018\/01\/gold-186x186.jpg 186w, https:\/\/www.teleadhesivo.com\/blog\/wp-content\/uploads\/2018\/01\/gold-65x65.jpg 65w\" sizes=\"auto, (max-width: 600px) 100vw, 600px\" \/><figcaption id=\"caption-attachment-4519\" class=\"wp-caption-text\">Un elegante interior con decoraci\u00f3n navide\u00f1a en dorado<\/figcaption><\/figure>\n<h2>Gris claro<\/h2>\n<p>Con el gris todo son ventajas, puesto que se trata de un color atemporal muy sencillo de combinar. Eso s\u00ed, <strong>debemos asegurarnos de elegir tonos claros cuando queramos aplicarlo a grandes superficies, como paredes o armarios; como es el caso cuando utilizamos vinilos de gran formato como Fotomurales (que puedes ver haciendo clic <a href=\"https:\/\/www.teleadhesivo.com\/es\/fotomurales\">aqu\u00ed<\/a>)<\/strong>\u00a0De lo contrario, puede restar luminosidad a la habitaci\u00f3n.<\/p>\n<figure id=\"attachment_4520\" aria-describedby=\"caption-attachment-4520\" style=\"width: 600px\" class=\"wp-caption aligncenter\"><img loading=\"lazy\" decoding=\"async\" class=\"wp-image-4520 size-full\" title=\"Colores para decorar en invierno Mural gris\" src=\"https:\/\/www.teleadhesivo.com\/blog\/wp-content\/uploads\/2018\/01\/Gris.jpg\" alt=\"Colores para decorar en invierno fotomural gris\" width=\"600\" height=\"600\" srcset=\"https:\/\/www.teleadhesivo.com\/blog\/wp-content\/uploads\/2018\/01\/Gris.jpg 600w, https:\/\/www.teleadhesivo.com\/blog\/wp-content\/uploads\/2018\/01\/Gris-150x150.jpg 150w, https:\/\/www.teleadhesivo.com\/blog\/wp-content\/uploads\/2018\/01\/Gris-300x300.jpg 300w, https:\/\/www.teleadhesivo.com\/blog\/wp-content\/uploads\/2018\/01\/Gris-50x50.jpg 50w, https:\/\/www.teleadhesivo.com\/blog\/wp-content\/uploads\/2018\/01\/Gris-186x186.jpg 186w, https:\/\/www.teleadhesivo.com\/blog\/wp-content\/uploads\/2018\/01\/Gris-65x65.jpg 65w\" sizes=\"auto, (max-width: 600px) 100vw, 600px\" \/><figcaption id=\"caption-attachment-4520\" class=\"wp-caption-text\">Con este fotomural en escala de grises dar\u00e1s a cualquier habitaci\u00f3n una sensaci\u00f3n de tranquilidad y equilibrio<\/figcaption><\/figure>\n<h2>\u00bfCon qu\u00e9 azules decoro este invierno?<\/h2>\n<p>El azul es el color favorito por excelencia. Ofrece infinitas posibilidades con sus m\u00faltiples tonalidades, aunque <strong>para esta \u00e9poca del a\u00f1o se recomiendan especialmente los azules oscuros combinados con blanco o gris claro y dorado para lograr dar ese\u00a0aspecto invernal a tu casa<\/strong> pero sin que deje de ser acogedora y entra\u00f1able.<\/p>\n<figure id=\"attachment_4518\" aria-describedby=\"caption-attachment-4518\" style=\"width: 600px\" class=\"wp-caption aligncenter\"><img loading=\"lazy\" decoding=\"async\" class=\"wp-image-4518 size-full\" title=\"Colores para decorar en invierno Vinilo azul\" src=\"https:\/\/www.teleadhesivo.com\/blog\/wp-content\/uploads\/2018\/01\/azul.jpg\" alt=\"Colores para decorar en invierno Vinilo azul\" width=\"600\" height=\"600\" srcset=\"https:\/\/www.teleadhesivo.com\/blog\/wp-content\/uploads\/2018\/01\/azul.jpg 600w, https:\/\/www.teleadhesivo.com\/blog\/wp-content\/uploads\/2018\/01\/azul-150x150.jpg 150w, https:\/\/www.teleadhesivo.com\/blog\/wp-content\/uploads\/2018\/01\/azul-300x300.jpg 300w, https:\/\/www.teleadhesivo.com\/blog\/wp-content\/uploads\/2018\/01\/azul-50x50.jpg 50w, https:\/\/www.teleadhesivo.com\/blog\/wp-content\/uploads\/2018\/01\/azul-186x186.jpg 186w, https:\/\/www.teleadhesivo.com\/blog\/wp-content\/uploads\/2018\/01\/azul-65x65.jpg 65w\" sizes=\"auto, (max-width: 600px) 100vw, 600px\" \/><figcaption id=\"caption-attachment-4518\" class=\"wp-caption-text\">Este vinilo azul oscuro aporta un toque original.<\/figcaption><\/figure>\n<h2>\u00bfC\u00f3mo combinar marrones claros y cremas?<\/h2>\n<p>Los tonos inspirados en la tierra contin\u00faan siendo tendencia tanto en decoraci\u00f3n como en moda. Son f\u00e1ciles de combinar, especialmente con tonos c\u00e1lidos y verdes, aportan calidez y recuerdan a la naturaleza. <strong>Son perfectos para los espacios familiares como salones y comedores pero tambi\u00e9n para estudios y <a href=\"https:\/\/www.teleadhesivo.com\/es\/ubicacion\/oficina-8_121_126\">oficinas<\/a> que requieren un aspecto m\u00e1s sobrio.<\/strong><\/p>\n<figure id=\"attachment_4526\" aria-describedby=\"caption-attachment-4526\" style=\"width: 600px\" class=\"wp-caption aligncenter\"><img loading=\"lazy\" decoding=\"async\" class=\"wp-image-4526 size-full\" title=\"Colores para decorar en invierno Vinilo flor \" src=\"https:\/\/www.teleadhesivo.com\/blog\/wp-content\/uploads\/2018\/01\/marron.jpg\" alt=\"Colores para decorar en invierno Vinilo flor\" width=\"600\" height=\"600\" srcset=\"https:\/\/www.teleadhesivo.com\/blog\/wp-content\/uploads\/2018\/01\/marron.jpg 600w, https:\/\/www.teleadhesivo.com\/blog\/wp-content\/uploads\/2018\/01\/marron-150x150.jpg 150w, https:\/\/www.teleadhesivo.com\/blog\/wp-content\/uploads\/2018\/01\/marron-300x300.jpg 300w, https:\/\/www.teleadhesivo.com\/blog\/wp-content\/uploads\/2018\/01\/marron-50x50.jpg 50w, https:\/\/www.teleadhesivo.com\/blog\/wp-content\/uploads\/2018\/01\/marron-186x186.jpg 186w, https:\/\/www.teleadhesivo.com\/blog\/wp-content\/uploads\/2018\/01\/marron-65x65.jpg 65w\" sizes=\"auto, (max-width: 600px) 100vw, 600px\" \/><figcaption id=\"caption-attachment-4526\" class=\"wp-caption-text\">Con este vinilo de diente de le\u00f3n decorar\u00e1s tus paredes sin recargarlas.<\/figcaption><\/figure>\n<h2>Los mejores colores para decorar en invierno<\/h2>\n<p>Sin duda, lo que m\u00e1s nos gusta de esta paleta de colores es que\u00a0combinan a la perfecci\u00f3n unos con otros adem\u00e1s de que ofrecen m\u00faltiples posibilidades creativas en cualquier habitaci\u00f3n, tanto para estancias de adultos, como de ni\u00f1os, como para toda la familia. Util\u00edzalos en el cambio de look de tu hogar y tendr\u00e1s el \u00e9xito garantizado. Y si tu estaci\u00f3n favorita es el invierno, un bonito mural con un paisaje de monta\u00f1a nevada\u00a0le dar\u00e1 a tu habitaci\u00f3n esos colores frescos\u00a0propios de esta\u00a0estaci\u00f3n, sin ning\u00fan esfuerzo.<\/p>\n<figure id=\"attachment_4530\" aria-describedby=\"caption-attachment-4530\" style=\"width: 600px\" class=\"wp-caption aligncenter\"><img loading=\"lazy\" decoding=\"async\" class=\"wp-image-4530 size-full\" title=\"Colores para decorar en invierno. foto mural monta\u00f1a nevada\" src=\"https:\/\/www.teleadhesivo.com\/blog\/wp-content\/uploads\/2018\/01\/mural.jpg\" alt=\"Colores para decorar en invierno Foto mural monta\u00f1a nevada\" width=\"600\" height=\"600\" srcset=\"https:\/\/www.teleadhesivo.com\/blog\/wp-content\/uploads\/2018\/01\/mural.jpg 600w, https:\/\/www.teleadhesivo.com\/blog\/wp-content\/uploads\/2018\/01\/mural-150x150.jpg 150w, https:\/\/www.teleadhesivo.com\/blog\/wp-content\/uploads\/2018\/01\/mural-300x300.jpg 300w, https:\/\/www.teleadhesivo.com\/blog\/wp-content\/uploads\/2018\/01\/mural-50x50.jpg 50w, https:\/\/www.teleadhesivo.com\/blog\/wp-content\/uploads\/2018\/01\/mural-186x186.jpg 186w, https:\/\/www.teleadhesivo.com\/blog\/wp-content\/uploads\/2018\/01\/mural-65x65.jpg 65w\" sizes=\"auto, (max-width: 600px) 100vw, 600px\" \/><figcaption id=\"caption-attachment-4530\" class=\"wp-caption-text\">Si\u00e9ntete en lo m\u00e1s alto con este foto mural. Perfecto para los amantes de la monta\u00f1a.<\/figcaption><\/figure>\n<p>Y t\u00fa \u00bfqu\u00e9 colores para decorar en invierno utilizar\u00e1s en tu casa? Cu\u00e9ntanos tus <a href=\"https:\/\/www.pinterest.es\/mohawkhome\/winter-home-decor-2017\/?lp=true\" target=\"_blank\">ideas<\/a> en nuestras redes sociales y no olvides compartirnos tus fotos.<\/p>\n","protected":false},"excerpt":{"rendered":"<p>El invierno, con sus fr\u00edas temperaturas y la llegada de la Navidad, nos da una excusa perfecta para quedarnos en casa y aprovechar para hacer algunos cambios en la decoraci\u00f3n de nuestros hogares, acordes, como no, a las \u00faltimas tendencias. Por eso os traemos los colores para decorar en invierno que har\u00e1n de cualquier estancia&#8230;<\/p>\n","protected":false},"author":4,"featured_media":4530,"comment_status":"closed","ping_status":"open","sticky":false,"template":"","format":"standard","meta":{"_monsterinsights_skip_tracking":false,"_monsterinsights_sitenote_active":false,"_monsterinsights_sitenote_note":"","_monsterinsights_sitenote_category":0,"_kadence_starter_templates_imported_post":false,"_kad_post_transparent":"","_kad_post_title":"","_kad_post_layout":"","_kad_post_sidebar_id":"","_kad_post_content_style":"","_kad_post_vertical_padding":"","_kad_post_feature":"","_kad_post_feature_position":"","_kad_post_header":false,"_kad_post_footer":false,"_kad_post_classname":"","footnotes":""},"categories":[236],"tags":[],"class_list":["post-4507","post","type-post","status-publish","format-standard","has-post-thumbnail","hentry","category-decora-tu-hogar"],"yoast_head":"<!-- This site is optimized with the Yoast SEO plugin v27.3 - https:\/\/yoast.com\/product\/yoast-seo-wordpress\/ -->\n<title>Los 4 mejores colores para decorar en invierno 2017 - Blog teleadhesivo<\/title>\n<meta name=\"description\" content=\"Os traemos los mejores colores para decorar en invierno. Las posibilidades creativas combin\u00e1ndolos son infinitas. Descubre de qu\u00e9 colores vestir tu casa.\" \/>\n<meta name=\"robots\" content=\"index, follow, max-snippet:-1, max-image-preview:large, max-video-preview:-1\" \/>\n<link rel=\"canonical\" href=\"https:\/\/www.teleadhesivo.com\/blog\/colores-decorar-invierno-2017\/\" \/>\n<meta property=\"og:locale\" content=\"es_ES\" \/>\n<meta property=\"og:type\" content=\"article\" \/>\n<meta property=\"og:title\" content=\"Los 4 mejores colores para decorar en invierno 2017 - Blog teleadhesivo\" \/>\n<meta property=\"og:description\" content=\"Os traemos los mejores colores para decorar en invierno. Las posibilidades creativas combin\u00e1ndolos son infinitas. Descubre de qu\u00e9 colores vestir tu casa.\" \/>\n<meta property=\"og:url\" content=\"https:\/\/www.teleadhesivo.com\/blog\/colores-decorar-invierno-2017\/\" \/>\n<meta property=\"og:site_name\" content=\"Blog teleadhesivo\" \/>\n<meta property=\"article:published_time\" content=\"2017-12-15T12:45:38+00:00\" \/>\n<meta property=\"article:modified_time\" content=\"2024-02-16T08:36:35+00:00\" \/>\n<meta property=\"og:image\" content=\"https:\/\/www.teleadhesivo.com\/blog\/wp-content\/uploads\/2018\/01\/mural.jpg\" \/>\n\t<meta property=\"og:image:width\" content=\"600\" \/>\n\t<meta property=\"og:image:height\" content=\"600\" \/>\n\t<meta property=\"og:image:type\" content=\"image\/jpeg\" \/>\n<meta name=\"author\" content=\"Teleadhesivo\" \/>\n<meta name=\"twitter:label1\" content=\"Escrito por\" \/>\n\t<meta name=\"twitter:data1\" content=\"Teleadhesivo\" \/>\n\t<meta name=\"twitter:label2\" content=\"Tiempo de lectura\" \/>\n\t<meta name=\"twitter:data2\" content=\"3 minutos\" \/>\n<script type=\"application\/ld+json\" class=\"yoast-schema-graph\">{\"@context\":\"https:\\\/\\\/schema.org\",\"@graph\":[{\"@type\":\"Article\",\"@id\":\"https:\\\/\\\/www.teleadhesivo.com\\\/blog\\\/colores-decorar-invierno-2017\\\/#article\",\"isPartOf\":{\"@id\":\"https:\\\/\\\/www.teleadhesivo.com\\\/blog\\\/colores-decorar-invierno-2017\\\/\"},\"author\":{\"name\":\"Teleadhesivo\",\"@id\":\"https:\\\/\\\/www.teleadhesivo.com\\\/blog\\\/#\\\/schema\\\/person\\\/4b2889eff672b8c30eb61795410791ca\"},\"headline\":\"Los 4 mejores colores para decorar en invierno 2017\",\"datePublished\":\"2017-12-15T12:45:38+00:00\",\"dateModified\":\"2024-02-16T08:36:35+00:00\",\"mainEntityOfPage\":{\"@id\":\"https:\\\/\\\/www.teleadhesivo.com\\\/blog\\\/colores-decorar-invierno-2017\\\/\"},\"wordCount\":569,\"publisher\":{\"@id\":\"https:\\\/\\\/www.teleadhesivo.com\\\/blog\\\/#organization\"},\"image\":{\"@id\":\"https:\\\/\\\/www.teleadhesivo.com\\\/blog\\\/colores-decorar-invierno-2017\\\/#primaryimage\"},\"thumbnailUrl\":\"https:\\\/\\\/www.teleadhesivo.com\\\/blog\\\/wp-content\\\/uploads\\\/2018\\\/01\\\/mural.jpg\",\"articleSection\":[\"Decora tu hogar\"],\"inLanguage\":\"es\"},{\"@type\":\"WebPage\",\"@id\":\"https:\\\/\\\/www.teleadhesivo.com\\\/blog\\\/colores-decorar-invierno-2017\\\/\",\"url\":\"https:\\\/\\\/www.teleadhesivo.com\\\/blog\\\/colores-decorar-invierno-2017\\\/\",\"name\":\"Los 4 mejores colores para decorar en invierno 2017 - Blog teleadhesivo\",\"isPartOf\":{\"@id\":\"https:\\\/\\\/www.teleadhesivo.com\\\/blog\\\/#website\"},\"primaryImageOfPage\":{\"@id\":\"https:\\\/\\\/www.teleadhesivo.com\\\/blog\\\/colores-decorar-invierno-2017\\\/#primaryimage\"},\"image\":{\"@id\":\"https:\\\/\\\/www.teleadhesivo.com\\\/blog\\\/colores-decorar-invierno-2017\\\/#primaryimage\"},\"thumbnailUrl\":\"https:\\\/\\\/www.teleadhesivo.com\\\/blog\\\/wp-content\\\/uploads\\\/2018\\\/01\\\/mural.jpg\",\"datePublished\":\"2017-12-15T12:45:38+00:00\",\"dateModified\":\"2024-02-16T08:36:35+00:00\",\"description\":\"Os traemos los mejores colores para decorar en invierno. Las posibilidades creativas combin\u00e1ndolos son infinitas. Descubre de qu\u00e9 colores vestir tu casa.\",\"breadcrumb\":{\"@id\":\"https:\\\/\\\/www.teleadhesivo.com\\\/blog\\\/colores-decorar-invierno-2017\\\/#breadcrumb\"},\"inLanguage\":\"es\",\"potentialAction\":[{\"@type\":\"ReadAction\",\"target\":[\"https:\\\/\\\/www.teleadhesivo.com\\\/blog\\\/colores-decorar-invierno-2017\\\/\"]}]},{\"@type\":\"ImageObject\",\"inLanguage\":\"es\",\"@id\":\"https:\\\/\\\/www.teleadhesivo.com\\\/blog\\\/colores-decorar-invierno-2017\\\/#primaryimage\",\"url\":\"https:\\\/\\\/www.teleadhesivo.com\\\/blog\\\/wp-content\\\/uploads\\\/2018\\\/01\\\/mural.jpg\",\"contentUrl\":\"https:\\\/\\\/www.teleadhesivo.com\\\/blog\\\/wp-content\\\/uploads\\\/2018\\\/01\\\/mural.jpg\",\"width\":600,\"height\":600,\"caption\":\"Mural monta\u00f1a nevada\"},{\"@type\":\"BreadcrumbList\",\"@id\":\"https:\\\/\\\/www.teleadhesivo.com\\\/blog\\\/colores-decorar-invierno-2017\\\/#breadcrumb\",\"itemListElement\":[{\"@type\":\"ListItem\",\"position\":1,\"name\":\"Home\",\"item\":\"https:\\\/\\\/www.teleadhesivo.com\\\/blog\\\/\"},{\"@type\":\"ListItem\",\"position\":2,\"name\":\"Los 4 mejores colores para decorar en invierno 2017\"}]},{\"@type\":\"WebSite\",\"@id\":\"https:\\\/\\\/www.teleadhesivo.com\\\/blog\\\/#website\",\"url\":\"https:\\\/\\\/www.teleadhesivo.com\\\/blog\\\/\",\"name\":\"Blog teleadhesivo\",\"description\":\"Blog de decoraci\u00f3n e ideas DIY con vinilos adhesivos. En Teleadhesivo te contamos las \u00faltimas tendencias de dise\u00f1o de interiores y c\u00f3mo conseguirlas.\",\"publisher\":{\"@id\":\"https:\\\/\\\/www.teleadhesivo.com\\\/blog\\\/#organization\"},\"potentialAction\":[{\"@type\":\"SearchAction\",\"target\":{\"@type\":\"EntryPoint\",\"urlTemplate\":\"https:\\\/\\\/www.teleadhesivo.com\\\/blog\\\/?s={search_term_string}\"},\"query-input\":{\"@type\":\"PropertyValueSpecification\",\"valueRequired\":true,\"valueName\":\"search_term_string\"}}],\"inLanguage\":\"es\"},{\"@type\":\"Organization\",\"@id\":\"https:\\\/\\\/www.teleadhesivo.com\\\/blog\\\/#organization\",\"name\":\"Blog teleadhesivo\",\"url\":\"https:\\\/\\\/www.teleadhesivo.com\\\/blog\\\/\",\"logo\":{\"@type\":\"ImageObject\",\"inLanguage\":\"es\",\"@id\":\"https:\\\/\\\/www.teleadhesivo.com\\\/blog\\\/#\\\/schema\\\/logo\\\/image\\\/\",\"url\":\"https:\\\/\\\/www.teleadhesivo.com\\\/blog\\\/wp-content\\\/uploads\\\/2026\\\/04\\\/logo-teleadhesivo.png\",\"contentUrl\":\"https:\\\/\\\/www.teleadhesivo.com\\\/blog\\\/wp-content\\\/uploads\\\/2026\\\/04\\\/logo-teleadhesivo.png\",\"width\":300,\"height\":115,\"caption\":\"Blog teleadhesivo\"},\"image\":{\"@id\":\"https:\\\/\\\/www.teleadhesivo.com\\\/blog\\\/#\\\/schema\\\/logo\\\/image\\\/\"}},{\"@type\":\"Person\",\"@id\":\"https:\\\/\\\/www.teleadhesivo.com\\\/blog\\\/#\\\/schema\\\/person\\\/4b2889eff672b8c30eb61795410791ca\",\"name\":\"Teleadhesivo\",\"image\":{\"@type\":\"ImageObject\",\"inLanguage\":\"es\",\"@id\":\"https:\\\/\\\/secure.gravatar.com\\\/avatar\\\/5df765f3602b0fd866c03a3452e36daa7000bfac963930f9a6843226a9b0ba06?s=96&r=g\",\"url\":\"https:\\\/\\\/secure.gravatar.com\\\/avatar\\\/5df765f3602b0fd866c03a3452e36daa7000bfac963930f9a6843226a9b0ba06?s=96&r=g\",\"contentUrl\":\"https:\\\/\\\/secure.gravatar.com\\\/avatar\\\/5df765f3602b0fd866c03a3452e36daa7000bfac963930f9a6843226a9b0ba06?s=96&r=g\",\"caption\":\"Teleadhesivo\"},\"url\":\"https:\\\/\\\/www.teleadhesivo.com\\\/blog\\\/author\\\/teleadhesivo\\\/\"}]}<\/script>\n<!-- \/ Yoast SEO plugin. -->","yoast_head_json":{"title":"Los 4 mejores colores para decorar en invierno 2017 - Blog teleadhesivo","description":"Os traemos los mejores colores para decorar en invierno. Las posibilidades creativas combin\u00e1ndolos son infinitas. Descubre de qu\u00e9 colores vestir tu casa.","robots":{"index":"index","follow":"follow","max-snippet":"max-snippet:-1","max-image-preview":"max-image-preview:large","max-video-preview":"max-video-preview:-1"},"canonical":"https:\/\/www.teleadhesivo.com\/blog\/colores-decorar-invierno-2017\/","og_locale":"es_ES","og_type":"article","og_title":"Los 4 mejores colores para decorar en invierno 2017 - Blog teleadhesivo","og_description":"Os traemos los mejores colores para decorar en invierno. Las posibilidades creativas combin\u00e1ndolos son infinitas. Descubre de qu\u00e9 colores vestir tu casa.","og_url":"https:\/\/www.teleadhesivo.com\/blog\/colores-decorar-invierno-2017\/","og_site_name":"Blog teleadhesivo","article_published_time":"2017-12-15T12:45:38+00:00","article_modified_time":"2024-02-16T08:36:35+00:00","og_image":[{"width":600,"height":600,"url":"https:\/\/www.teleadhesivo.com\/blog\/wp-content\/uploads\/2018\/01\/mural.jpg","type":"image\/jpeg"}],"author":"Teleadhesivo","twitter_misc":{"Escrito por":"Teleadhesivo","Tiempo de lectura":"3 minutos"},"schema":{"@context":"https:\/\/schema.org","@graph":[{"@type":"Article","@id":"https:\/\/www.teleadhesivo.com\/blog\/colores-decorar-invierno-2017\/#article","isPartOf":{"@id":"https:\/\/www.teleadhesivo.com\/blog\/colores-decorar-invierno-2017\/"},"author":{"name":"Teleadhesivo","@id":"https:\/\/www.teleadhesivo.com\/blog\/#\/schema\/person\/4b2889eff672b8c30eb61795410791ca"},"headline":"Los 4 mejores colores para decorar en invierno 2017","datePublished":"2017-12-15T12:45:38+00:00","dateModified":"2024-02-16T08:36:35+00:00","mainEntityOfPage":{"@id":"https:\/\/www.teleadhesivo.com\/blog\/colores-decorar-invierno-2017\/"},"wordCount":569,"publisher":{"@id":"https:\/\/www.teleadhesivo.com\/blog\/#organization"},"image":{"@id":"https:\/\/www.teleadhesivo.com\/blog\/colores-decorar-invierno-2017\/#primaryimage"},"thumbnailUrl":"https:\/\/www.teleadhesivo.com\/blog\/wp-content\/uploads\/2018\/01\/mural.jpg","articleSection":["Decora tu hogar"],"inLanguage":"es"},{"@type":"WebPage","@id":"https:\/\/www.teleadhesivo.com\/blog\/colores-decorar-invierno-2017\/","url":"https:\/\/www.teleadhesivo.com\/blog\/colores-decorar-invierno-2017\/","name":"Los 4 mejores colores para decorar en invierno 2017 - Blog teleadhesivo","isPartOf":{"@id":"https:\/\/www.teleadhesivo.com\/blog\/#website"},"primaryImageOfPage":{"@id":"https:\/\/www.teleadhesivo.com\/blog\/colores-decorar-invierno-2017\/#primaryimage"},"image":{"@id":"https:\/\/www.teleadhesivo.com\/blog\/colores-decorar-invierno-2017\/#primaryimage"},"thumbnailUrl":"https:\/\/www.teleadhesivo.com\/blog\/wp-content\/uploads\/2018\/01\/mural.jpg","datePublished":"2017-12-15T12:45:38+00:00","dateModified":"2024-02-16T08:36:35+00:00","description":"Os traemos los mejores colores para decorar en invierno. Las posibilidades creativas combin\u00e1ndolos son infinitas. Descubre de qu\u00e9 colores vestir tu casa.","breadcrumb":{"@id":"https:\/\/www.teleadhesivo.com\/blog\/colores-decorar-invierno-2017\/#breadcrumb"},"inLanguage":"es","potentialAction":[{"@type":"ReadAction","target":["https:\/\/www.teleadhesivo.com\/blog\/colores-decorar-invierno-2017\/"]}]},{"@type":"ImageObject","inLanguage":"es","@id":"https:\/\/www.teleadhesivo.com\/blog\/colores-decorar-invierno-2017\/#primaryimage","url":"https:\/\/www.teleadhesivo.com\/blog\/wp-content\/uploads\/2018\/01\/mural.jpg","contentUrl":"https:\/\/www.teleadhesivo.com\/blog\/wp-content\/uploads\/2018\/01\/mural.jpg","width":600,"height":600,"caption":"Mural monta\u00f1a nevada"},{"@type":"BreadcrumbList","@id":"https:\/\/www.teleadhesivo.com\/blog\/colores-decorar-invierno-2017\/#breadcrumb","itemListElement":[{"@type":"ListItem","position":1,"name":"Home","item":"https:\/\/www.teleadhesivo.com\/blog\/"},{"@type":"ListItem","position":2,"name":"Los 4 mejores colores para decorar en invierno 2017"}]},{"@type":"WebSite","@id":"https:\/\/www.teleadhesivo.com\/blog\/#website","url":"https:\/\/www.teleadhesivo.com\/blog\/","name":"Blog teleadhesivo","description":"Blog de decoraci\u00f3n e ideas DIY con vinilos adhesivos. En Teleadhesivo te contamos las \u00faltimas tendencias de dise\u00f1o de interiores y c\u00f3mo conseguirlas.","publisher":{"@id":"https:\/\/www.teleadhesivo.com\/blog\/#organization"},"potentialAction":[{"@type":"SearchAction","target":{"@type":"EntryPoint","urlTemplate":"https:\/\/www.teleadhesivo.com\/blog\/?s={search_term_string}"},"query-input":{"@type":"PropertyValueSpecification","valueRequired":true,"valueName":"search_term_string"}}],"inLanguage":"es"},{"@type":"Organization","@id":"https:\/\/www.teleadhesivo.com\/blog\/#organization","name":"Blog teleadhesivo","url":"https:\/\/www.teleadhesivo.com\/blog\/","logo":{"@type":"ImageObject","inLanguage":"es","@id":"https:\/\/www.teleadhesivo.com\/blog\/#\/schema\/logo\/image\/","url":"https:\/\/www.teleadhesivo.com\/blog\/wp-content\/uploads\/2026\/04\/logo-teleadhesivo.png","contentUrl":"https:\/\/www.teleadhesivo.com\/blog\/wp-content\/uploads\/2026\/04\/logo-teleadhesivo.png","width":300,"height":115,"caption":"Blog teleadhesivo"},"image":{"@id":"https:\/\/www.teleadhesivo.com\/blog\/#\/schema\/logo\/image\/"}},{"@type":"Person","@id":"https:\/\/www.teleadhesivo.com\/blog\/#\/schema\/person\/4b2889eff672b8c30eb61795410791ca","name":"Teleadhesivo","image":{"@type":"ImageObject","inLanguage":"es","@id":"https:\/\/secure.gravatar.com\/avatar\/5df765f3602b0fd866c03a3452e36daa7000bfac963930f9a6843226a9b0ba06?s=96&r=g","url":"https:\/\/secure.gravatar.com\/avatar\/5df765f3602b0fd866c03a3452e36daa7000bfac963930f9a6843226a9b0ba06?s=96&r=g","contentUrl":"https:\/\/secure.gravatar.com\/avatar\/5df765f3602b0fd866c03a3452e36daa7000bfac963930f9a6843226a9b0ba06?s=96&r=g","caption":"Teleadhesivo"},"url":"https:\/\/www.teleadhesivo.com\/blog\/author\/teleadhesivo\/"}]}},"_links":{"self":[{"href":"https:\/\/www.teleadhesivo.com\/blog\/wp-json\/wp\/v2\/posts\/4507","targetHints":{"allow":["GET"]}}],"collection":[{"href":"https:\/\/www.teleadhesivo.com\/blog\/wp-json\/wp\/v2\/posts"}],"about":[{"href":"https:\/\/www.teleadhesivo.com\/blog\/wp-json\/wp\/v2\/types\/post"}],"author":[{"embeddable":true,"href":"https:\/\/www.teleadhesivo.com\/blog\/wp-json\/wp\/v2\/users\/4"}],"replies":[{"embeddable":true,"href":"https:\/\/www.teleadhesivo.com\/blog\/wp-json\/wp\/v2\/comments?post=4507"}],"version-history":[{"count":5,"href":"https:\/\/www.teleadhesivo.com\/blog\/wp-json\/wp\/v2\/posts\/4507\/revisions"}],"predecessor-version":[{"id":4544,"href":"https:\/\/www.teleadhesivo.com\/blog\/wp-json\/wp\/v2\/posts\/4507\/revisions\/4544"}],"wp:featuredmedia":[{"embeddable":true,"href":"https:\/\/www.teleadhesivo.com\/blog\/wp-json\/wp\/v2\/media\/4530"}],"wp:attachment":[{"href":"https:\/\/www.teleadhesivo.com\/blog\/wp-json\/wp\/v2\/media?parent=4507"}],"wp:term":[{"taxonomy":"category","embeddable":true,"href":"https:\/\/www.teleadhesivo.com\/blog\/wp-json\/wp\/v2\/categories?post=4507"},{"taxonomy":"post_tag","embeddable":true,"href":"https:\/\/www.teleadhesivo.com\/blog\/wp-json\/wp\/v2\/tags?post=4507"}],"curies":[{"name":"wp","href":"https:\/\/api.w.org\/{rel}","templated":true}]}}